{"id":20242,"date":"2023-08-22T09:16:56","date_gmt":"2023-08-22T07:16:56","guid":{"rendered":"https:\/\/slavej.mk\/povtorno-na-uciliste-kako-da-go-podgotvite-deteto-dokolku-nosi-ortoza-ili-proteza\/"},"modified":"2025-01-08T15:31:52","modified_gmt":"2025-01-08T14:31:52","slug":"kthimi-ne-shkolle-si-ta-pergatisni-femijen-nese-mban-nje-ortoze-apo-proteze","status":"publish","type":"post","link":"https:\/\/slavej.mk\/sq\/kthimi-ne-shkolle-si-ta-pergatisni-femijen-nese-mban-nje-ortoze-apo-proteze\/","title":{"rendered":"<strong>Kthimi n\u00eb shkoll\u00eb: Si ta p\u00ebrgatisni f\u00ebmij\u00ebn n\u00ebse mban nj\u00eb ortoz\u00eb apo protez\u00eb?<\/strong>"},"content":{"rendered":"<p><strong>Fillimi i vitit shkollor po afron! F\u00ebmija juaj duhet t\u00eb kthehet n\u00eb shkoll\u00eb me ortoz\u00ebn ose protez\u00ebn e tij. N\u00eb vijim ju japim disa k\u00ebshilla se si ta p\u00ebrgatisni.<\/strong><\/p>\n<p class=\"elementor-heading-title elementor-size-default\"><b>Lini nj\u00eb takim me profesionistin e ortozave ose protezave<\/b><\/p>\n<p>F\u00ebmij\u00ebt rriten shpejt. Kjo \u00ebsht\u00eb arsyeja pse ju duhet t\u00eb lini nj\u00eb takim me nj\u00eb profesionistin e ortozave ose protezave p\u00ebr t\u00eb kontrolluar n\u00ebse pajisja ortopedike duhet t\u00eb p\u00ebrshtatet me rritjen e f\u00ebmij\u00ebs suaj. Gjithashtu, n\u00ebse f\u00ebmija juaj punon me nj\u00eb fizioterapist profesionist, mund t&#8217;ju ndihmoj\u00eb n\u00eb p\u00ebrgatitjet p\u00ebr vitin e ri shkollor.<\/p>\n<p class=\"elementor-heading-title elementor-size-default\"><b>Flisni me f\u00ebmij\u00ebn tuaj<\/b><\/p>\n<p><img loading=\"lazy\" decoding=\"async\" class=\"\" src=\"https:\/\/slavej.mk\/wp-content\/uploads\/2023\/08\/proteza-gradinka.jpg\" sizes=\"auto, (max-width: 1024px) 100vw, 1024px\" srcset=\"https:\/\/slavej.mk\/wp-content\/uploads\/2023\/08\/proteza-gradinka.jpg 1024w, https:\/\/slavej.mk\/wp-content\/uploads\/2023\/08\/proteza-gradinka-300x184.jpg 300w, https:\/\/slavej.mk\/wp-content\/uploads\/2023\/08\/proteza-gradinka-768x471.jpg 768w, https:\/\/slavej.mk\/wp-content\/uploads\/2023\/08\/proteza-gradinka-18x12.jpg 18w, https:\/\/slavej.mk\/wp-content\/uploads\/2023\/08\/proteza-gradinka-24x15.jpg 24w, https:\/\/slavej.mk\/wp-content\/uploads\/2023\/08\/proteza-gradinka-36x22.jpg 36w, https:\/\/slavej.mk\/wp-content\/uploads\/2023\/08\/proteza-gradinka-48x29.jpg 48w, https:\/\/slavej.mk\/wp-content\/uploads\/2023\/08\/proteza-gradinka-600x368.jpg 600w, https:\/\/slavej.mk\/wp-content\/uploads\/2023\/08\/proteza-gradinka-64x39.jpg 64w\" alt=\"\" width=\"685\" height=\"420\" \/><\/p>\n<p>N\u00eb fillim t\u00eb vitit shkollor, f\u00ebmij\u00ebt jan\u00eb t\u00eb emocionuar p\u00ebr t&#8217;u rikthyer n\u00eb shkoll\u00eb. P\u00ebrpara se t\u00eb filloj\u00eb viti shkollor, gjeni koh\u00eb p\u00ebr t\u00eb biseduar me f\u00ebmij\u00ebn tuaj, p\u00ebrgatiteni se si t&#8217;u tregoj\u00eb shok\u00ebve se ka nj\u00eb ortoz\u00eb ose protez\u00eb dhe si ta ndihmoni.<\/p>\n<p class=\"elementor-heading-title elementor-size-default\"><b>Flisni me m\u00ebsuesit<\/b><\/p>\n<p>Programoni nj\u00eb takim me m\u00ebsuesit p\u00ebr t&#8217;i informuar ata p\u00ebr ortoz\u00ebn dhe protez\u00ebn, si dhe p\u00ebr nevojat e f\u00ebmij\u00ebs suaj. N\u00eb p\u00ebrgjith\u00ebsi, kur m\u00ebsuesi \u00ebsht\u00eb ka njohuri, nx\u00ebn\u00ebsit e tjer\u00eb t\u00eb klas\u00ebs do ta pranojn\u00eb m\u00eb leht\u00eb.<\/p>\n<p class=\"elementor-heading-title elementor-size-default\"><b>Mungesa nga shkolla<\/b><\/p>\n<p class=\"elementor-heading-title elementor-size-default\">F\u00ebmija juaj mund t\u00eb ket\u00eb nevoj\u00eb p\u00ebr m\u00eb shum\u00eb pushim gjat\u00eb dit\u00ebs. K\u00ebrkojuni m\u00ebsuesve t&#8217;ia kujtojn\u00eb f\u00ebmij\u00ebs dhe t\u2019i lejojn\u00eb m\u00eb shum\u00eb pushim. Mund t\u00eb ket\u00eb gjithashtu nevoj\u00eb p\u00ebr mungesa m\u00eb t\u00eb shpeshta nga shkolla p\u00ebr takime mjek\u00ebsore dhe \u00e7\u00ebshtje t\u00eb tjera t\u00eb paparashikuara. Diskutoni se si t&#8217;i zgjidhni k\u00ebto mungesa dhe si ta ndihmoni f\u00ebmij\u00ebn tuaj t\u00eb kompensoj\u00eb m\u00ebsimet e humbura.<\/p>\n<p><img loading=\"lazy\" decoding=\"async\" src=\"https:\/\/slavej.mk\/wp-content\/uploads\/2023\/08\/proteza-skolo.jpg\" sizes=\"auto, (max-width: 800px) 100vw, 800px\" srcset=\"https:\/\/slavej.mk\/wp-content\/uploads\/2023\/08\/proteza-skolo.jpg 800w, https:\/\/slavej.mk\/wp-content\/uploads\/2023\/08\/proteza-skolo-300x300.jpg 300w, https:\/\/slavej.mk\/wp-content\/uploads\/2023\/08\/proteza-skolo-150x150.jpg 150w, https:\/\/slavej.mk\/wp-content\/uploads\/2023\/08\/proteza-skolo-768x768.jpg 768w, https:\/\/slavej.mk\/wp-content\/uploads\/2023\/08\/proteza-skolo-12x12.jpg 12w, https:\/\/slavej.mk\/wp-content\/uploads\/2023\/08\/proteza-skolo-24x24.jpg 24w, https:\/\/slavej.mk\/wp-content\/uploads\/2023\/08\/proteza-skolo-36x36.jpg 36w, https:\/\/slavej.mk\/wp-content\/uploads\/2023\/08\/proteza-skolo-48x48.jpg 48w, https:\/\/slavej.mk\/wp-content\/uploads\/2023\/08\/proteza-skolo-600x600.jpg 600w, https:\/\/slavej.mk\/wp-content\/uploads\/2023\/08\/proteza-skolo-100x100.jpg 100w, https:\/\/slavej.mk\/wp-content\/uploads\/2023\/08\/proteza-skolo-64x64.jpg 64w\" alt=\"\" width=\"800\" height=\"800\" \/><\/p>\n<p class=\"elementor-heading-title elementor-size-default\"><b>Vendosja e nj\u00eb proteze ose ortoze<\/b><\/p>\n<p>Vendosja e duhur e nj\u00eb proteze ose ortoze k\u00ebrkon nj\u00eb aft\u00ebsi t\u00eb caktuar. \u00cbsht\u00eb shum\u00eb e r\u00ebnd\u00ebsishme t\u00eb ndihmoni f\u00ebmij\u00ebn tuaj t\u00eb jet\u00eb rehat.<\/p>\n<p class=\"elementor-heading-title elementor-size-default\"><b>Ndihm\u00eb nga nj\u00eb asistent i shkoll\u00ebs<\/b><\/p>\n<p>N\u00ebse nevojitet nj\u00eb asistent, pyesni n\u00ebse shkolla ofron nj\u00eb ndihm\u00eb t\u00eb till\u00eb q\u00eb f\u00ebmija juaj t\u00eb organizohet m\u00eb leht\u00eb. Nj\u00eb asistent i shkoll\u00ebs mund ta ndihmoj\u00eb f\u00ebmij\u00ebn t\u00eb l\u00ebviz\u00eb m\u00eb leht\u00eb, ta ndihmoj\u00eb t\u00eb mbaj\u00eb \u00e7ant\u00ebn e shpin\u00ebs, ta vendos\u00eb n\u00eb nj\u00eb klas\u00eb dhe m\u00eb shum\u00eb.<\/p>\n<p class=\"elementor-heading-title elementor-size-default\"><b>Udh\u00ebtime n\u00eb terren dhe aktivitete pas shkoll\u00ebs<\/b><\/p>\n<p>P\u00ebrpara se t\u00eb filloj\u00eb viti shkollor, pyesni p\u00ebr udh\u00ebtimet e planifikuara n\u00eb terren dhe n\u00ebse nevojiten ndonj\u00eb p\u00ebrgatitje. Gjithashtu, mos harroni ta p\u00ebrfshini f\u00ebmij\u00ebn tuaj n\u00eb disa sporte ose aktivitete t\u00eb tjera jasht\u00ebshkollore.<\/p>\n<p><img loading=\"lazy\" decoding=\"async\" src=\"https:\/\/slavej.mk\/wp-content\/uploads\/2023\/08\/ortoza-drvo.jpg\" sizes=\"auto, (max-width: 800px) 100vw, 800px\" srcset=\"https:\/\/slavej.mk\/wp-content\/uploads\/2023\/08\/ortoza-drvo.jpg 800w, https:\/\/slavej.mk\/wp-content\/uploads\/2023\/08\/ortoza-drvo-300x200.jpg 300w, https:\/\/slavej.mk\/wp-content\/uploads\/2023\/08\/ortoza-drvo-768x512.jpg 768w, https:\/\/slavej.mk\/wp-content\/uploads\/2023\/08\/ortoza-drvo-18x12.jpg 18w, https:\/\/slavej.mk\/wp-content\/uploads\/2023\/08\/ortoza-drvo-24x16.jpg 24w, https:\/\/slavej.mk\/wp-content\/uploads\/2023\/08\/ortoza-drvo-36x24.jpg 36w, https:\/\/slavej.mk\/wp-content\/uploads\/2023\/08\/ortoza-drvo-48x32.jpg 48w, https:\/\/slavej.mk\/wp-content\/uploads\/2023\/08\/ortoza-drvo-600x400.jpg 600w, https:\/\/slavej.mk\/wp-content\/uploads\/2023\/08\/ortoza-drvo-64x43.jpg 64w\" alt=\"\" width=\"800\" height=\"533\" \/><\/p>\n<p class=\"elementor-heading-title elementor-size-default\" style=\"text-align: center;\"><b>Mbani mend!<\/b><\/p>\n<p class=\"elementor-heading-title elementor-size-default\"><b><\/b><strong>Teknologjia moderne p\u00ebr prodhimin e ortozave dhe protezave i mund\u00ebson f\u00ebmij\u00ebs t\u00eb ket\u00eb nj\u00eb f\u00ebmij\u00ebri normale, pa kufizuar aktivitetet e tij t\u00eb p\u00ebrditshme. Si prind duhet t\u00eb jeni vazhdimisht n\u00eb komunikim jo vet\u00ebm me shkoll\u00ebn, por edhe me t\u00eb. Ju jeni avokati i tij m\u00eb i mir\u00eb dhe mund ta m\u00ebsoni se si t\u00eb luftoj\u00eb p\u00ebr veten e tij. Mund\u00ebsit\u00eb jan\u00eb t\u00eb pakufishme!<\/strong><\/p>\n","protected":false},"excerpt":{"rendered":"<p>Fillimi i vitit shkollor po afron! F\u00ebmija juaj duhet t\u00eb kthehet n\u00eb shkoll\u00eb me ortoz\u00ebn ose protez\u00ebn e tij. N\u00eb vijim ju japim disa k\u00ebshilla se si ta p\u00ebrgatisni. Lini nj\u00eb takim me profesionistin e ortozave ose protezave F\u00ebmij\u00ebt rriten shpejt. Kjo \u00ebsht\u00eb arsyeja pse ju duhet t\u00eb lini nj\u00eb takim me nj\u00eb profesionistin e [&hellip;]<\/p>\n","protected":false},"author":2,"featured_media":17296,"comment_status":"closed","ping_status":"closed","sticky":false,"template":"","format":"standard","meta":{"footnotes":""},"categories":[657,478],"tags":[],"class_list":["post-20242","post","type-post","status-publish","format-standard","has-post-thumbnail","hentry","category-edukimi","category-uncategorized-sq"],"yoast_head":"<!-- This site is optimized with the Yoast SEO plugin v26.3 - https:\/\/yoast.com\/wordpress\/plugins\/seo\/ -->\n<title>Kthimi n\u00eb shkoll\u00eb: Si ta p\u00ebrgatisni f\u00ebmij\u00ebn n\u00ebse mban nj\u00eb ortoz\u00eb apo protez\u00eb? - Slavej<\/title>\n<meta name=\"robots\" content=\"index, follow, max-snippet:-1, max-image-preview:large, max-video-preview:-1\" \/>\n<link rel=\"canonical\" href=\"https:\/\/slavej.mk\/sq\/kthimi-ne-shkolle-si-ta-pergatisni-femijen-nese-mban-nje-ortoze-apo-proteze\/\" \/>\n<meta property=\"og:locale\" content=\"sq_AL\" \/>\n<meta property=\"og:type\" content=\"article\" \/>\n<meta property=\"og:title\" content=\"Kthimi n\u00eb shkoll\u00eb: Si ta p\u00ebrgatisni f\u00ebmij\u00ebn n\u00ebse mban nj\u00eb ortoz\u00eb apo protez\u00eb?\" \/>\n<meta property=\"og:description\" content=\"Fillimi i vitit shkollor po afron! F\u00ebmija juaj duhet t\u00eb kthehet n\u00eb shkoll\u00eb me ortoz\u00ebn ose protez\u00ebn e tij. N\u00eb vijim ju japim disa k\u00ebshilla se si ta p\u00ebrgatisni. Lini nj\u00eb takim me profesionistin e ortozave ose protezave F\u00ebmij\u00ebt rriten shpejt. Kjo \u00ebsht\u00eb arsyeja pse ju duhet t\u00eb lini nj\u00eb takim me nj\u00eb profesionistin e [&hellip;]\" \/>\n<meta property=\"og:url\" content=\"https:\/\/slavej.mk\/sq\/kthimi-ne-shkolle-si-ta-pergatisni-femijen-nese-mban-nje-ortoze-apo-proteze\/\" \/>\n<meta property=\"og:site_name\" content=\"Slavej\" \/>\n<meta property=\"article:published_time\" content=\"2023-08-22T07:16:56+00:00\" \/>\n<meta property=\"article:modified_time\" content=\"2025-01-08T14:31:52+00:00\" \/>\n<meta property=\"og:image\" content=\"https:\/\/slavej.mk\/wp-content\/uploads\/2023\/08\/skolo-proteza1.jpg\" \/>\n\t<meta property=\"og:image:width\" content=\"1180\" \/>\n\t<meta property=\"og:image:height\" content=\"726\" \/>\n\t<meta property=\"og:image:type\" content=\"image\/jpeg\" \/>\n<meta name=\"author\" content=\"andrej\" \/>\n<meta name=\"twitter:card\" content=\"summary_large_image\" \/>\n<meta name=\"twitter:title\" content=\"&lt;strong&gt;Kthimi n\u00eb shkoll\u00eb: Si ta p\u00ebrgatisni f\u00ebmij\u00ebn n\u00ebse mban nj\u00eb ortoz\u00eb apo protez\u00eb?&lt;\/strong&gt;\" \/>\n<meta name=\"twitter:image\" content=\"https:\/\/slavej.mk\/wp-content\/uploads\/2023\/08\/skolo-proteza1.jpg\" \/>\n<meta name=\"twitter:label1\" content=\"Written by\" \/>\n\t<meta name=\"twitter:data1\" content=\"andrej\" \/>\n\t<meta name=\"twitter:label2\" content=\"Est. reading time\" \/>\n\t<meta name=\"twitter:data2\" content=\"4 minutes\" \/>\n<script type=\"application\/ld+json\" class=\"yoast-schema-graph\">{\"@context\":\"https:\/\/schema.org\",\"@graph\":[{\"@type\":\"Article\",\"@id\":\"https:\/\/slavej.mk\/sq\/kthimi-ne-shkolle-si-ta-pergatisni-femijen-nese-mban-nje-ortoze-apo-proteze\/#article\",\"isPartOf\":{\"@id\":\"https:\/\/slavej.mk\/sq\/kthimi-ne-shkolle-si-ta-pergatisni-femijen-nese-mban-nje-ortoze-apo-proteze\/\"},\"author\":{\"name\":\"andrej\",\"@id\":\"https:\/\/slavej.mk\/#\/schema\/person\/7c26371d1d10a0c101f193093cdba688\"},\"headline\":\"Kthimi n\u00eb shkoll\u00eb: Si ta p\u00ebrgatisni f\u00ebmij\u00ebn n\u00ebse mban nj\u00eb ortoz\u00eb apo protez\u00eb?\",\"datePublished\":\"2023-08-22T07:16:56+00:00\",\"dateModified\":\"2025-01-08T14:31:52+00:00\",\"mainEntityOfPage\":{\"@id\":\"https:\/\/slavej.mk\/sq\/kthimi-ne-shkolle-si-ta-pergatisni-femijen-nese-mban-nje-ortoze-apo-proteze\/\"},\"wordCount\":550,\"publisher\":{\"@id\":\"https:\/\/slavej.mk\/#organization\"},\"image\":{\"@id\":\"https:\/\/slavej.mk\/sq\/kthimi-ne-shkolle-si-ta-pergatisni-femijen-nese-mban-nje-ortoze-apo-proteze\/#primaryimage\"},\"thumbnailUrl\":\"https:\/\/slavej.mk\/wp-content\/uploads\/2023\/08\/dete-so-proteza.png\",\"articleSection\":[\"Edukimi\",\"Uncategorized @sq\"],\"inLanguage\":\"sq-AL\"},{\"@type\":\"WebPage\",\"@id\":\"https:\/\/slavej.mk\/sq\/kthimi-ne-shkolle-si-ta-pergatisni-femijen-nese-mban-nje-ortoze-apo-proteze\/\",\"url\":\"https:\/\/slavej.mk\/sq\/kthimi-ne-shkolle-si-ta-pergatisni-femijen-nese-mban-nje-ortoze-apo-proteze\/\",\"name\":\"Kthimi n\u00eb shkoll\u00eb: Si ta p\u00ebrgatisni f\u00ebmij\u00ebn n\u00ebse mban nj\u00eb ortoz\u00eb apo protez\u00eb? - Slavej\",\"isPartOf\":{\"@id\":\"https:\/\/slavej.mk\/#website\"},\"primaryImageOfPage\":{\"@id\":\"https:\/\/slavej.mk\/sq\/kthimi-ne-shkolle-si-ta-pergatisni-femijen-nese-mban-nje-ortoze-apo-proteze\/#primaryimage\"},\"image\":{\"@id\":\"https:\/\/slavej.mk\/sq\/kthimi-ne-shkolle-si-ta-pergatisni-femijen-nese-mban-nje-ortoze-apo-proteze\/#primaryimage\"},\"thumbnailUrl\":\"https:\/\/slavej.mk\/wp-content\/uploads\/2023\/08\/dete-so-proteza.png\",\"datePublished\":\"2023-08-22T07:16:56+00:00\",\"dateModified\":\"2025-01-08T14:31:52+00:00\",\"breadcrumb\":{\"@id\":\"https:\/\/slavej.mk\/sq\/kthimi-ne-shkolle-si-ta-pergatisni-femijen-nese-mban-nje-ortoze-apo-proteze\/#breadcrumb\"},\"inLanguage\":\"sq-AL\",\"potentialAction\":[{\"@type\":\"ReadAction\",\"target\":[\"https:\/\/slavej.mk\/sq\/kthimi-ne-shkolle-si-ta-pergatisni-femijen-nese-mban-nje-ortoze-apo-proteze\/\"]}]},{\"@type\":\"ImageObject\",\"inLanguage\":\"sq-AL\",\"@id\":\"https:\/\/slavej.mk\/sq\/kthimi-ne-shkolle-si-ta-pergatisni-femijen-nese-mban-nje-ortoze-apo-proteze\/#primaryimage\",\"url\":\"https:\/\/slavej.mk\/wp-content\/uploads\/2023\/08\/dete-so-proteza.png\",\"contentUrl\":\"https:\/\/slavej.mk\/wp-content\/uploads\/2023\/08\/dete-so-proteza.png\",\"width\":800,\"height\":400},{\"@type\":\"BreadcrumbList\",\"@id\":\"https:\/\/slavej.mk\/sq\/kthimi-ne-shkolle-si-ta-pergatisni-femijen-nese-mban-nje-ortoze-apo-proteze\/#breadcrumb\",\"itemListElement\":[{\"@type\":\"ListItem\",\"position\":1,\"name\":\"Home\",\"item\":\"https:\/\/slavej.mk\/\"},{\"@type\":\"ListItem\",\"position\":2,\"name\":\"Kthimi n\u00eb shkoll\u00eb: Si ta p\u00ebrgatisni f\u00ebmij\u00ebn n\u00ebse mban nj\u00eb ortoz\u00eb apo protez\u00eb?\"}]},{\"@type\":\"WebSite\",\"@id\":\"https:\/\/slavej.mk\/#website\",\"url\":\"https:\/\/slavej.mk\/\",\"name\":\"Slavej\",\"description\":\"\",\"publisher\":{\"@id\":\"https:\/\/slavej.mk\/#organization\"},\"potentialAction\":[{\"@type\":\"SearchAction\",\"target\":{\"@type\":\"EntryPoint\",\"urlTemplate\":\"https:\/\/slavej.mk\/?s={search_term_string}\"},\"query-input\":{\"@type\":\"PropertyValueSpecification\",\"valueRequired\":true,\"valueName\":\"search_term_string\"}}],\"inLanguage\":\"sq-AL\"},{\"@type\":\"Organization\",\"@id\":\"https:\/\/slavej.mk\/#organization\",\"name\":\"Slavej\",\"url\":\"https:\/\/slavej.mk\/\",\"logo\":{\"@type\":\"ImageObject\",\"inLanguage\":\"sq-AL\",\"@id\":\"https:\/\/slavej.mk\/#\/schema\/logo\/image\/\",\"url\":\"\",\"contentUrl\":\"\",\"caption\":\"Slavej\"},\"image\":{\"@id\":\"https:\/\/slavej.mk\/#\/schema\/logo\/image\/\"}},{\"@type\":\"Person\",\"@id\":\"https:\/\/slavej.mk\/#\/schema\/person\/7c26371d1d10a0c101f193093cdba688\",\"name\":\"andrej\",\"image\":{\"@type\":\"ImageObject\",\"inLanguage\":\"sq-AL\",\"@id\":\"https:\/\/slavej.mk\/#\/schema\/person\/image\/\",\"url\":\"https:\/\/secure.gravatar.com\/avatar\/62246c50d4c9ee81f708e5d9afb5ecaa46012988892354abbaf1155a28b58062?s=96&d=mm&r=g\",\"contentUrl\":\"https:\/\/secure.gravatar.com\/avatar\/62246c50d4c9ee81f708e5d9afb5ecaa46012988892354abbaf1155a28b58062?s=96&d=mm&r=g\",\"caption\":\"andrej\"}}]}<\/script>\n<!-- \/ Yoast SEO plugin. -->","yoast_head_json":{"title":"Kthimi n\u00eb shkoll\u00eb: Si ta p\u00ebrgatisni f\u00ebmij\u00ebn n\u00ebse mban nj\u00eb ortoz\u00eb apo protez\u00eb? - Slavej","robots":{"index":"index","follow":"follow","max-snippet":"max-snippet:-1","max-image-preview":"max-image-preview:large","max-video-preview":"max-video-preview:-1"},"canonical":"https:\/\/slavej.mk\/sq\/kthimi-ne-shkolle-si-ta-pergatisni-femijen-nese-mban-nje-ortoze-apo-proteze\/","og_locale":"sq_AL","og_type":"article","og_title":"Kthimi n\u00eb shkoll\u00eb: Si ta p\u00ebrgatisni f\u00ebmij\u00ebn n\u00ebse mban nj\u00eb ortoz\u00eb apo protez\u00eb?","og_description":"Fillimi i vitit shkollor po afron! F\u00ebmija juaj duhet t\u00eb kthehet n\u00eb shkoll\u00eb me ortoz\u00ebn ose protez\u00ebn e tij. N\u00eb vijim ju japim disa k\u00ebshilla se si ta p\u00ebrgatisni. Lini nj\u00eb takim me profesionistin e ortozave ose protezave F\u00ebmij\u00ebt rriten shpejt. Kjo \u00ebsht\u00eb arsyeja pse ju duhet t\u00eb lini nj\u00eb takim me nj\u00eb profesionistin e [&hellip;]","og_url":"https:\/\/slavej.mk\/sq\/kthimi-ne-shkolle-si-ta-pergatisni-femijen-nese-mban-nje-ortoze-apo-proteze\/","og_site_name":"Slavej","article_published_time":"2023-08-22T07:16:56+00:00","article_modified_time":"2025-01-08T14:31:52+00:00","og_image":[{"width":1180,"height":726,"url":"https:\/\/slavej.mk\/wp-content\/uploads\/2023\/08\/skolo-proteza1.jpg","type":"image\/jpeg"}],"author":"andrej","twitter_card":"summary_large_image","twitter_title":"<strong>Kthimi n\u00eb shkoll\u00eb: Si ta p\u00ebrgatisni f\u00ebmij\u00ebn n\u00ebse mban nj\u00eb ortoz\u00eb apo protez\u00eb?<\/strong>","twitter_image":"https:\/\/slavej.mk\/wp-content\/uploads\/2023\/08\/skolo-proteza1.jpg","twitter_misc":{"Written by":"andrej","Est. reading time":"4 minutes"},"schema":{"@context":"https:\/\/schema.org","@graph":[{"@type":"Article","@id":"https:\/\/slavej.mk\/sq\/kthimi-ne-shkolle-si-ta-pergatisni-femijen-nese-mban-nje-ortoze-apo-proteze\/#article","isPartOf":{"@id":"https:\/\/slavej.mk\/sq\/kthimi-ne-shkolle-si-ta-pergatisni-femijen-nese-mban-nje-ortoze-apo-proteze\/"},"author":{"name":"andrej","@id":"https:\/\/slavej.mk\/#\/schema\/person\/7c26371d1d10a0c101f193093cdba688"},"headline":"Kthimi n\u00eb shkoll\u00eb: Si ta p\u00ebrgatisni f\u00ebmij\u00ebn n\u00ebse mban nj\u00eb ortoz\u00eb apo protez\u00eb?","datePublished":"2023-08-22T07:16:56+00:00","dateModified":"2025-01-08T14:31:52+00:00","mainEntityOfPage":{"@id":"https:\/\/slavej.mk\/sq\/kthimi-ne-shkolle-si-ta-pergatisni-femijen-nese-mban-nje-ortoze-apo-proteze\/"},"wordCount":550,"publisher":{"@id":"https:\/\/slavej.mk\/#organization"},"image":{"@id":"https:\/\/slavej.mk\/sq\/kthimi-ne-shkolle-si-ta-pergatisni-femijen-nese-mban-nje-ortoze-apo-proteze\/#primaryimage"},"thumbnailUrl":"https:\/\/slavej.mk\/wp-content\/uploads\/2023\/08\/dete-so-proteza.png","articleSection":["Edukimi","Uncategorized @sq"],"inLanguage":"sq-AL"},{"@type":"WebPage","@id":"https:\/\/slavej.mk\/sq\/kthimi-ne-shkolle-si-ta-pergatisni-femijen-nese-mban-nje-ortoze-apo-proteze\/","url":"https:\/\/slavej.mk\/sq\/kthimi-ne-shkolle-si-ta-pergatisni-femijen-nese-mban-nje-ortoze-apo-proteze\/","name":"Kthimi n\u00eb shkoll\u00eb: Si ta p\u00ebrgatisni f\u00ebmij\u00ebn n\u00ebse mban nj\u00eb ortoz\u00eb apo protez\u00eb? - Slavej","isPartOf":{"@id":"https:\/\/slavej.mk\/#website"},"primaryImageOfPage":{"@id":"https:\/\/slavej.mk\/sq\/kthimi-ne-shkolle-si-ta-pergatisni-femijen-nese-mban-nje-ortoze-apo-proteze\/#primaryimage"},"image":{"@id":"https:\/\/slavej.mk\/sq\/kthimi-ne-shkolle-si-ta-pergatisni-femijen-nese-mban-nje-ortoze-apo-proteze\/#primaryimage"},"thumbnailUrl":"https:\/\/slavej.mk\/wp-content\/uploads\/2023\/08\/dete-so-proteza.png","datePublished":"2023-08-22T07:16:56+00:00","dateModified":"2025-01-08T14:31:52+00:00","breadcrumb":{"@id":"https:\/\/slavej.mk\/sq\/kthimi-ne-shkolle-si-ta-pergatisni-femijen-nese-mban-nje-ortoze-apo-proteze\/#breadcrumb"},"inLanguage":"sq-AL","potentialAction":[{"@type":"ReadAction","target":["https:\/\/slavej.mk\/sq\/kthimi-ne-shkolle-si-ta-pergatisni-femijen-nese-mban-nje-ortoze-apo-proteze\/"]}]},{"@type":"ImageObject","inLanguage":"sq-AL","@id":"https:\/\/slavej.mk\/sq\/kthimi-ne-shkolle-si-ta-pergatisni-femijen-nese-mban-nje-ortoze-apo-proteze\/#primaryimage","url":"https:\/\/slavej.mk\/wp-content\/uploads\/2023\/08\/dete-so-proteza.png","contentUrl":"https:\/\/slavej.mk\/wp-content\/uploads\/2023\/08\/dete-so-proteza.png","width":800,"height":400},{"@type":"BreadcrumbList","@id":"https:\/\/slavej.mk\/sq\/kthimi-ne-shkolle-si-ta-pergatisni-femijen-nese-mban-nje-ortoze-apo-proteze\/#breadcrumb","itemListElement":[{"@type":"ListItem","position":1,"name":"Home","item":"https:\/\/slavej.mk\/"},{"@type":"ListItem","position":2,"name":"Kthimi n\u00eb shkoll\u00eb: Si ta p\u00ebrgatisni f\u00ebmij\u00ebn n\u00ebse mban nj\u00eb ortoz\u00eb apo protez\u00eb?"}]},{"@type":"WebSite","@id":"https:\/\/slavej.mk\/#website","url":"https:\/\/slavej.mk\/","name":"Slavej","description":"","publisher":{"@id":"https:\/\/slavej.mk\/#organization"},"potentialAction":[{"@type":"SearchAction","target":{"@type":"EntryPoint","urlTemplate":"https:\/\/slavej.mk\/?s={search_term_string}"},"query-input":{"@type":"PropertyValueSpecification","valueRequired":true,"valueName":"search_term_string"}}],"inLanguage":"sq-AL"},{"@type":"Organization","@id":"https:\/\/slavej.mk\/#organization","name":"Slavej","url":"https:\/\/slavej.mk\/","logo":{"@type":"ImageObject","inLanguage":"sq-AL","@id":"https:\/\/slavej.mk\/#\/schema\/logo\/image\/","url":"","contentUrl":"","caption":"Slavej"},"image":{"@id":"https:\/\/slavej.mk\/#\/schema\/logo\/image\/"}},{"@type":"Person","@id":"https:\/\/slavej.mk\/#\/schema\/person\/7c26371d1d10a0c101f193093cdba688","name":"andrej","image":{"@type":"ImageObject","inLanguage":"sq-AL","@id":"https:\/\/slavej.mk\/#\/schema\/person\/image\/","url":"https:\/\/secure.gravatar.com\/avatar\/62246c50d4c9ee81f708e5d9afb5ecaa46012988892354abbaf1155a28b58062?s=96&d=mm&r=g","contentUrl":"https:\/\/secure.gravatar.com\/avatar\/62246c50d4c9ee81f708e5d9afb5ecaa46012988892354abbaf1155a28b58062?s=96&d=mm&r=g","caption":"andrej"}}]}},"_links":{"self":[{"href":"https:\/\/slavej.mk\/sq\/wp-json\/wp\/v2\/posts\/20242","targetHints":{"allow":["GET"]}}],"collection":[{"href":"https:\/\/slavej.mk\/sq\/wp-json\/wp\/v2\/posts"}],"about":[{"href":"https:\/\/slavej.mk\/sq\/wp-json\/wp\/v2\/types\/post"}],"author":[{"embeddable":true,"href":"https:\/\/slavej.mk\/sq\/wp-json\/wp\/v2\/users\/2"}],"replies":[{"embeddable":true,"href":"https:\/\/slavej.mk\/sq\/wp-json\/wp\/v2\/comments?post=20242"}],"version-history":[{"count":4,"href":"https:\/\/slavej.mk\/sq\/wp-json\/wp\/v2\/posts\/20242\/revisions"}],"predecessor-version":[{"id":21319,"href":"https:\/\/slavej.mk\/sq\/wp-json\/wp\/v2\/posts\/20242\/revisions\/21319"}],"wp:featuredmedia":[{"embeddable":true,"href":"https:\/\/slavej.mk\/sq\/wp-json\/wp\/v2\/media\/17296"}],"wp:attachment":[{"href":"https:\/\/slavej.mk\/sq\/wp-json\/wp\/v2\/media?parent=20242"}],"wp:term":[{"taxonomy":"category","embeddable":true,"href":"https:\/\/slavej.mk\/sq\/wp-json\/wp\/v2\/categories?post=20242"},{"taxonomy":"post_tag","embeddable":true,"href":"https:\/\/slavej.mk\/sq\/wp-json\/wp\/v2\/tags?post=20242"}],"curies":[{"name":"wp","href":"https:\/\/api.w.org\/{rel}","templated":true}]}}